{"id":997,"date":"2026-04-20T08:33:40","date_gmt":"2026-04-20T06:33:40","guid":{"rendered":"https:\/\/ses2.blog.ac-lyon.fr\/wordpress\/?p=997"},"modified":"2026-04-20T08:33:41","modified_gmt":"2026-04-20T06:33:41","slug":"travail-et-integration-sociale","status":"publish","type":"post","link":"https:\/\/ses2.blog.ac-lyon.fr\/wordpress\/2026\/04\/20\/travail-et-integration-sociale\/","title":{"rendered":"Travail et int\u00e9gration sociale"},"content":{"rendered":"\n<div class=\"h5p-iframe-wrapper\"><iframe id=\"h5p-iframe-275\" class=\"h5p-iframe\" data-content-id=\"275\" style=\"height:1px\" src=\"about:blank\" frameBorder=\"0\" scrolling=\"no\" title=\"Territoire Z\u00e9ro ch\u00f4meur int\u00e9gration sociale def\"><\/iframe><\/div>\n","protected":false},"excerpt":{"rendered":"","protected":false},"author":6,"featured_media":0,"comment_status":"closed","ping_status":"open","sticky":false,"template":"","format":"standard","meta":{"footnotes":""},"categories":[1],"tags":[],"class_list":["post-997","post","type-post","status-publish","format-standard","hentry","category-non-classe"],"_links":{"self":[{"href":"https:\/\/ses2.blog.ac-lyon.fr\/wordpress\/wp-json\/wp\/v2\/posts\/997","targetHints":{"allow":["GET"]}}],"collection":[{"href":"https:\/\/ses2.blog.ac-lyon.fr\/wordpress\/wp-json\/wp\/v2\/posts"}],"about":[{"href":"https:\/\/ses2.blog.ac-lyon.fr\/wordpress\/wp-json\/wp\/v2\/types\/post"}],"author":[{"embeddable":true,"href":"https:\/\/ses2.blog.ac-lyon.fr\/wordpress\/wp-json\/wp\/v2\/users\/6"}],"replies":[{"embeddable":true,"href":"https:\/\/ses2.blog.ac-lyon.fr\/wordpress\/wp-json\/wp\/v2\/comments?post=997"}],"version-history":[{"count":1,"href":"https:\/\/ses2.blog.ac-lyon.fr\/wordpress\/wp-json\/wp\/v2\/posts\/997\/revisions"}],"predecessor-version":[{"id":998,"href":"https:\/\/ses2.blog.ac-lyon.fr\/wordpress\/wp-json\/wp\/v2\/posts\/997\/revisions\/998"}],"wp:attachment":[{"href":"https:\/\/ses2.blog.ac-lyon.fr\/wordpress\/wp-json\/wp\/v2\/media?parent=997"}],"wp:term":[{"taxonomy":"category","embeddable":true,"href":"https:\/\/ses2.blog.ac-lyon.fr\/wordpress\/wp-json\/wp\/v2\/categories?post=997"},{"taxonomy":"post_tag","embeddable":true,"href":"https:\/\/ses2.blog.ac-lyon.fr\/wordpress\/wp-json\/wp\/v2\/tags?post=997"}],"curies":[{"name":"wp","href":"https:\/\/api.w.org\/{rel}","templated":true}]}}